{"id":7739,"date":"2022-04-25T13:33:34","date_gmt":"2022-04-25T13:33:34","guid":{"rendered":"http:\/\/agriflanders.be\/?p=7739"},"modified":"2022-04-25T14:42:20","modified_gmt":"2022-04-25T14:42:20","slug":"al-meer-dan-200-exposanten-ingeschreven-voor-lente-editie-van-de-agridagen","status":"publish","type":"post","link":"https:\/\/www.agriflanders.be\/fr\/al-meer-dan-200-exposanten-ingeschreven-voor-lente-editie-van-de-agridagen\/","title":{"rendered":"D\u00e9j\u00e0 plus de 200 exposants inscrits pour l&#039;\u00e9dition de printemps de l&#039;Agridagen"},"content":{"rendered":"<div data-elementor-type=\"wp-post\" data-elementor-id=\"7739\" class=\"elementor elementor-7739\" data-elementor-post-type=\"post\">\n\t\t\t\t\t\t<section class=\"elementor-section elementor-top-section elementor-element elementor-element-e4518ac elementor-section-boxed elementor-section-height-default elementor-section-height-default\" data-id=\"e4518ac\" data-element_type=\"section\" data-e-type=\"section\">\n\t\t\t\t\t\t<div class=\"elementor-container elementor-column-gap-default\">\n\t\t\t\t\t<div class=\"elementor-column elementor-col-66 elementor-top-column elementor-element elementor-element-c13f365\" data-id=\"c13f365\" data-element_type=\"column\" data-e-type=\"column\">\n\t\t\t<div class=\"elementor-widget-wrap elementor-element-populated\">\n\t\t\t\t\t\t<div class=\"elementor-element elementor-element-7700bb5 elementor-widget elementor-widget-text-editor\" data-id=\"7700bb5\" data-element_type=\"widget\" data-e-type=\"widget\" data-widget_type=\"text-editor.default\">\n\t\t\t\t<div class=\"elementor-widget-container\">\n\t\t\t\t\t\t\t\t\t<p><strong>Fin janvier, AgriBevents a d\u00e9cid\u00e9 de<sup>le<\/sup> de reporter l&#039;\u00e9dition de l&#039;Agridagen renouvel\u00e9 de mars au 20 au 22 mai. Depuis lors, beaucoup de travail a \u00e9t\u00e9 fait dans les coulisses pour fa\u00e7onner la foire. Avec plus de 200 exposants inscrits, 3 s\u00e9minaires sectoriels en cours et 4 concours, l&#039;organisation semble r\u00e9ussir dans cet objectif. Le compte \u00e0 rebours des retrouvailles heureuses avec le secteur agricole peut d\u00e9sormais vraiment commencer !<\/strong><\/p>\t\t\t\t\t\t\t\t<\/div>\n\t\t\t\t<\/div>\n\t\t\t\t\t<\/div>\n\t\t<\/div>\n\t\t\t\t<div class=\"elementor-column elementor-col-33 elementor-top-column elementor-element elementor-element-9b75a97\" data-id=\"9b75a97\" data-element_type=\"column\" data-e-type=\"column\">\n\t\t\t<div class=\"elementor-widget-wrap elementor-element-populated\">\n\t\t\t\t\t\t<div class=\"elementor-element elementor-element-9f6a68a elementor-widget elementor-widget-shortcode\" data-id=\"9f6a68a\" data-element_type=\"widget\" data-e-type=\"widget\" data-widget_type=\"shortcode.default\">\n\t\t\t\t<div class=\"elementor-widget-container\">\n\t\t\t\t\t\t\t<div class=\"elementor-shortcode\"><div class=\"sponsor-level1\">\n\t<div class=\"sponsor-level1-inner\">\n\t<h5>Sponsor principal<\/h5><div class=\"sponsor-level1-logo\">\n\t\t\t<a href=\"https:\/\/www.kbc.be\/ondernemen\/nl\/specifieke-sectoren\/landbouw-en-tuinbouw\/agro.html\" target=\"_blank\"><img decoding=\"async\" src=\"https:\/\/www.agriflanders.be\/wp-content\/uploads\/2022\/09\/KBC.svg\"><\/a>\n\t\t<\/div><\/div>\n<\/div><\/div>\n\t\t\t\t\t\t<\/div>\n\t\t\t\t<\/div>\n\t\t\t\t\t<\/div>\n\t\t<\/div>\n\t\t\t\t\t<\/div>\n\t\t<\/section>\n\t\t\t\t<section class=\"elementor-section elementor-top-section elementor-element elementor-element-a4b937f elementor-section-boxed elementor-section-height-default elementor-section-height-default\" data-id=\"a4b937f\" data-element_type=\"section\" data-e-type=\"section\">\n\t\t\t\t\t\t<div class=\"elementor-container elementor-column-gap-default\">\n\t\t\t\t\t<div class=\"elementor-column elementor-col-50 elementor-top-column elementor-element elementor-element-2bfd8b1\" data-id=\"2bfd8b1\" data-element_type=\"column\" data-e-type=\"column\">\n\t\t\t<div class=\"elementor-widget-wrap elementor-element-populated\">\n\t\t\t\t\t\t<div class=\"elementor-element elementor-element-bca2fc5 elementor-widget elementor-widget-image\" data-id=\"bca2fc5\" data-element_type=\"widget\" data-e-type=\"widget\" data-widget_type=\"image.default\">\n\t\t\t\t<div class=\"elementor-widget-container\">\n\t\t\t\t\t\t\t\t\t\t\t\t\t\t\t<img decoding=\"async\" src=\"https:\/\/www.agriflanders.be\/wp-content\/uploads\/elementor\/thumbs\/IMG_5251-scaled-q0y3px82wrt4ynfw99gy6h4bpkk41imshri5svtvik.jpg\" title=\"IMG_5251\" alt=\"IMG_5251\" loading=\"lazy\" \/>\t\t\t\t\t\t\t\t\t\t\t\t\t\t\t<\/div>\n\t\t\t\t<\/div>\n\t\t\t\t\t<\/div>\n\t\t<\/div>\n\t\t\t\t<div class=\"elementor-column elementor-col-50 elementor-top-column elementor-element elementor-element-71b74df\" data-id=\"71b74df\" data-element_type=\"column\" data-e-type=\"column\">\n\t\t\t<div class=\"elementor-widget-wrap elementor-element-populated\">\n\t\t\t\t\t\t<div class=\"elementor-element elementor-element-dd05b07 elementor-widget elementor-widget-heading\" data-id=\"dd05b07\" data-element_type=\"widget\" data-e-type=\"widget\" data-widget_type=\"heading.default\">\n\t\t\t\t<div class=\"elementor-widget-container\">\n\t\t\t\t\t<h3 class=\"elementor-heading-title elementor-size-default\">Premi\u00e8re foire agricole en six mois<\/h3>\t\t\t\t<\/div>\n\t\t\t\t<\/div>\n\t\t\t\t<div class=\"elementor-element elementor-element-5b67ee4 elementor-widget elementor-widget-text-editor\" data-id=\"5b67ee4\" data-element_type=\"widget\" data-e-type=\"widget\" data-widget_type=\"text-editor.default\">\n\t\t\t\t<div class=\"elementor-widget-container\">\n\t\t\t\t\t\t\t\t\t<p>AgriBevents avait initialement pens\u00e9 \u00e0 reporter imm\u00e9diatement le salon \u00e0 2024, mais est revenu sur cette d\u00e9cision en concertation avec la grande majorit\u00e9 des exposants.<\/p><p>&quot;Cependant, l&#039;organisation d&#039;une manifestation agricole fin mai ne va pas de soi&quot;, explique le pr\u00e9sident Georges Van Keerberghen. \u00ab M\u00eame si la plupart des cultures ont d\u00e9j\u00e0 \u00e9t\u00e9 plant\u00e9es et sem\u00e9es, cela peut encore \u00eatre occup\u00e9 sur le terrain, en particulier pour les \u00e9leveurs de b\u00e9tail. De plus, il faut aussi tenir compte des communions et de nombreuses f\u00eates de famille report\u00e9es. Cependant, nous sommes convaincus que le besoin de contacts sociaux apr\u00e8s la crise corona est plus grand que jamais. Agridagen est la premi\u00e8re foire agricole depuis plus de six mois ! Nous sommes vraiment impatients d&#039;accueillir tous les agriculteurs \u00e0 Weelde Depot.<\/p>\t\t\t\t\t\t\t\t<\/div>\n\t\t\t\t<\/div>\n\t\t\t\t\t<\/div>\n\t\t<\/div>\n\t\t\t\t\t<\/div>\n\t\t<\/section>\n\t\t\t\t<section class=\"elementor-section elementor-top-section elementor-element elementor-element-f1188a0 elementor-section-boxed elementor-section-height-default elementor-section-height-default\" data-id=\"f1188a0\" data-element_type=\"section\" data-e-type=\"section\">\n\t\t\t\t\t\t<div class=\"elementor-container elementor-column-gap-default\">\n\t\t\t\t\t<div class=\"elementor-column elementor-col-50 elementor-top-column elementor-element elementor-element-53a025f\" data-id=\"53a025f\" data-element_type=\"column\" data-e-type=\"column\">\n\t\t\t<div class=\"elementor-widget-wrap elementor-element-populated\">\n\t\t\t\t\t\t<div class=\"elementor-element elementor-element-00bbfdd elementor-widget elementor-widget-heading\" data-id=\"00bbfdd\" data-element_type=\"widget\" data-e-type=\"widget\" data-widget_type=\"heading.default\">\n\t\t\t\t<div class=\"elementor-widget-container\">\n\t\t\t\t\t<h3 class=\"elementor-heading-title elementor-size-default\">Cr\u00e9er un environnement positif<\/h3>\t\t\t\t<\/div>\n\t\t\t\t<\/div>\n\t\t\t\t<div class=\"elementor-element elementor-element-88d9a6b elementor-widget elementor-widget-text-editor\" data-id=\"88d9a6b\" data-element_type=\"widget\" data-e-type=\"widget\" data-widget_type=\"text-editor.default\">\n\t\t\t\t<div class=\"elementor-widget-container\">\n\t\t\t\t\t\t\t\t\t<p>En attendant, il y a beaucoup \u00e0 discuter. Le gouvernement flamand met le secteur agricole sous forte pression avec l&#039;accord sur l&#039;azote et la hausse des prix des mati\u00e8res premi\u00e8res est \u00e9galement une grave source d&#039;inqui\u00e9tude.<\/p><p>\u00ab Tout d&#039;abord, nous voulons cr\u00e9er un environnement positif aux Agri Days o\u00f9 les visiteurs peuvent mettre leurs soucis de c\u00f4t\u00e9 pendant un moment. Se familiariser avec de nouveaux produits et services, r\u00e9seauter avec d&#039;autres agriculteurs entre le pot et la pinte, profiter de l&#039;ambiance\u2026 c&#039;est tout l&#039;enjeu des Agri Days. Mais bien s\u00fbr, nous ne sommes pas aveugles \u00e0 la r\u00e9alit\u00e9. La question du PAS sera certainement abord\u00e9e lors de l&#039;ouverture officielle ainsi que lors des s\u00e9minaires sectoriels. En tant qu&#039;organisateur de salons, nous sommes profond\u00e9ment attach\u00e9s \u00e0 l&#039;avenir du secteur agricole et sympathisons avec tous les agriculteurs concern\u00e9s.<\/p>\t\t\t\t\t\t\t\t<\/div>\n\t\t\t\t<\/div>\n\t\t\t\t\t<\/div>\n\t\t<\/div>\n\t\t\t\t<div class=\"elementor-column elementor-col-50 elementor-top-column elementor-element elementor-element-b4bd182\" data-id=\"b4bd182\" data-element_type=\"column\" data-e-type=\"column\">\n\t\t\t<div class=\"elementor-widget-wrap elementor-element-populated\">\n\t\t\t\t\t\t<div class=\"elementor-element elementor-element-3dcd0dc elementor-widget elementor-widget-image\" data-id=\"3dcd0dc\" data-element_type=\"widget\" data-e-type=\"widget\" data-widget_type=\"image.default\">\n\t\t\t\t<div class=\"elementor-widget-container\">\n\t\t\t\t\t\t\t\t\t\t\t\t\t\t\t<img decoding=\"async\" src=\"https:\/\/www.agriflanders.be\/wp-content\/uploads\/elementor\/thumbs\/sizedHal4_STANDEN-8541-scaled-q0y3px82wrt4ynfw99gy6h4bpkk41imshri5svtvik.jpg\" title=\"sizedHal4_STANDEN-8541\" alt=\"sizedHal4_STANDEN-8541\" loading=\"lazy\" \/>\t\t\t\t\t\t\t\t\t\t\t\t\t\t\t<\/div>\n\t\t\t\t<\/div>\n\t\t\t\t\t<\/div>\n\t\t<\/div>\n\t\t\t\t\t<\/div>\n\t\t<\/section>\n\t\t\t\t<section class=\"elementor-section elementor-top-section elementor-element elementor-element-37eba8d elementor-section-boxed elementor-section-height-default elementor-section-height-default\" data-id=\"37eba8d\" data-element_type=\"section\" data-e-type=\"section\">\n\t\t\t\t\t\t<div class=\"elementor-container elementor-column-gap-default\">\n\t\t\t\t\t<div class=\"elementor-column elementor-col-100 elementor-top-column elementor-element elementor-element-12da8b5\" data-id=\"12da8b5\" data-element_type=\"column\" data-e-type=\"column\">\n\t\t\t<div class=\"elementor-widget-wrap elementor-element-populated\">\n\t\t\t\t\t\t<div class=\"elementor-element elementor-element-0ced90c elementor-widget elementor-widget-heading\" data-id=\"0ced90c\" data-element_type=\"widget\" data-e-type=\"widget\" data-widget_type=\"heading.default\">\n\t\t\t\t<div class=\"elementor-widget-container\">\n\t\t\t\t\t<h3 class=\"elementor-heading-title elementor-size-default\">\u00c9dition compl\u00e8te<\/h3>\t\t\t\t<\/div>\n\t\t\t\t<\/div>\n\t\t\t\t<div class=\"elementor-element elementor-element-18345a9 elementor-widget elementor-widget-text-editor\" data-id=\"18345a9\" data-element_type=\"widget\" data-e-type=\"widget\" data-widget_type=\"text-editor.default\">\n\t\t\t\t<div class=\"elementor-widget-container\">\n\t\t\t\t\t\t\t\t\t<p>En attendant, plus de 200 exposants se sont d\u00e9j\u00e0 inscrits pour cette \u00e9dition sp\u00e9ciale printemps de l&#039;Agridagen.<\/p><p>\u00ab Nous sommes fiers de pouvoir pr\u00e9senter une foire \u00e0 part enti\u00e8re dans ces circonstances. Tous les secteurs sont bien repr\u00e9sent\u00e9s. De plus, en collaboration avec de nombreux partenaires motiv\u00e9s, nous lan\u00e7ons \u00e0 nouveau une gamme vari\u00e9e de s\u00e9minaires et de concours. Tout cela prouve que les Agri Days sont devenus un incontournable du calendrier des salons. Nous sommes extr\u00eamement reconnaissants \u00e0 tous les exposants pour leur engagement durant cette p\u00e9riode particuli\u00e8re ! \u00bb, conclut le Pr\u00e9sident.<\/p>\t\t\t\t\t\t\t\t<\/div>\n\t\t\t\t<\/div>\n\t\t\t\t\t<\/div>\n\t\t<\/div>\n\t\t\t\t\t<\/div>\n\t\t<\/section>\n\t\t\t\t<section class=\"elementor-section elementor-top-section elementor-element elementor-element-ffedba3 elementor-section-boxed elementor-section-height-default elementor-section-height-default\" data-id=\"ffedba3\" data-element_type=\"section\" data-e-type=\"section\">\n\t\t\t\t\t\t<div class=\"elementor-container elementor-column-gap-default\">\n\t\t\t\t\t<div class=\"elementor-column elementor-col-50 elementor-top-column elementor-element elementor-element-2fcf24a\" data-id=\"2fcf24a\" data-element_type=\"column\" data-e-type=\"column\">\n\t\t\t<div class=\"elementor-widget-wrap elementor-element-populated\">\n\t\t\t\t\t\t<div class=\"elementor-element elementor-element-0303e82 elementor-widget elementor-widget-image\" data-id=\"0303e82\" data-element_type=\"widget\" data-e-type=\"widget\" data-widget_type=\"image.default\">\n\t\t\t\t<div class=\"elementor-widget-container\">\n\t\t\t\t\t\t\t\t\t\t\t\t\t\t\t<img decoding=\"async\" src=\"https:\/\/www.agriflanders.be\/wp-content\/uploads\/elementor\/thumbs\/sizedHal2_STANDEN-8196-scaled-q0y3px82wrt4ynfw99gy6h4bpkk41imshri5svtvik.jpg\" title=\"sizedHal2_STANDEN-8196\" alt=\"sizedHal2_STANDEN-8196\" loading=\"lazy\" \/>\t\t\t\t\t\t\t\t\t\t\t\t\t\t\t<\/div>\n\t\t\t\t<\/div>\n\t\t\t\t\t<\/div>\n\t\t<\/div>\n\t\t\t\t<div class=\"elementor-column elementor-col-50 elementor-top-column elementor-element elementor-element-c4f8ec2\" data-id=\"c4f8ec2\" data-element_type=\"column\" data-e-type=\"column\">\n\t\t\t<div class=\"elementor-widget-wrap elementor-element-populated\">\n\t\t\t\t\t\t<div class=\"elementor-element elementor-element-2a9b469 elementor-widget elementor-widget-image\" data-id=\"2a9b469\" data-element_type=\"widget\" data-e-type=\"widget\" data-widget_type=\"image.default\">\n\t\t\t\t<div class=\"elementor-widget-container\">\n\t\t\t\t\t\t\t\t\t\t\t\t\t\t\t<img decoding=\"async\" src=\"https:\/\/www.agriflanders.be\/wp-content\/uploads\/elementor\/thumbs\/sized_INKOM-1756-scaled-q0y3px82wrt4ynfw99gy6h4bpkk41imshri5svtvik.jpg\" title=\"taille_INKOM-1756\" alt=\"taille_INKOM-1756\" loading=\"lazy\" \/>\t\t\t\t\t\t\t\t\t\t\t\t\t\t\t<\/div>\n\t\t\t\t<\/div>\n\t\t\t\t\t<\/div>\n\t\t<\/div>\n\t\t\t\t\t<\/div>\n\t\t<\/section>\n\t\t\t\t<\/div>","protected":false},"excerpt":{"rendered":"<p>Fin janvier, AgriBevents a d\u00e9cid\u00e9 de reporter la 4\u00e8me \u00e9dition de l&#039;Agridagen renouvel\u00e9 du 20 au 22 mai. Depuis lors, beaucoup de travail a \u00e9t\u00e9 fait dans les coulisses pour fa\u00e7onner la foire. Avec plus de 200 exposants inscrits, 3 s\u00e9minaires sectoriels en cours et 4 concours, l&#039;organisation semble \u00eatre en\u2026 <a href=\"https:\/\/www.agriflanders.be\/fr\/sponsor\/sanac\/\" class=\"more-link\">continuer la lecture<span class=\"screen-reader-text\"> \u00ab\u00a0Sanac\u00a0\u00bb<\/span><\/a><\/p>","protected":false},"author":2,"featured_media":7026,"comment_status":"open","ping_status":"open","sticky":false,"template":"","format":"standard","meta":{"_acf_changed":false,"footnotes":""},"categories":[1],"tags":[],"class_list":["post-7739","post","type-post","status-publish","format-standard","has-post-thumbnail","hentry","category-uncategorized"],"acf":[],"yoast_head":"<!-- This site is optimized with the Yoast SEO plugin v27.5 - https:\/\/yoast.com\/product\/yoast-seo-wordpress\/ -->\n<title>Al meer dan 200 exposanten ingeschreven voor lente-editie van de Agridagen - Agriflanders<\/title>\n<meta name=\"robots\" content=\"index, follow, max-snippet:-1, max-image-preview:large, max-video-preview:-1\" \/>\n<link rel=\"canonical\" href=\"https:\/\/www.agriflanders.be\/fr\/al-meer-dan-200-exposanten-ingeschreven-voor-lente-editie-van-de-agridagen\/\" \/>\n<meta property=\"og:locale\" content=\"fr_FR\" \/>\n<meta property=\"og:type\" content=\"article\" \/>\n<meta property=\"og:title\" content=\"Al meer dan 200 exposanten ingeschreven voor lente-editie van de Agridagen - Agriflanders\" \/>\n<meta property=\"og:description\" content=\"Eind januari besliste AgriBevents om de 4de editie van de vernieuwde Agridagen uit te stellen van maart naar 20 tot en met 22 mei. Sindsdien werd er achter de schermen hard gewerkt om de beurs vorm te geven. Met al meer dan 200 ingeschreven exposanten, 3 actuele sector-seminaries en 4 prijskampen lijkt de organisatie in &hellip; Continue reading &quot;Sanac&quot;\" \/>\n<meta property=\"og:url\" content=\"https:\/\/www.agriflanders.be\/fr\/al-meer-dan-200-exposanten-ingeschreven-voor-lente-editie-van-de-agridagen\/\" \/>\n<meta property=\"og:site_name\" content=\"Agriflanders\" \/>\n<meta property=\"article:published_time\" content=\"2022-04-25T13:33:34+00:00\" \/>\n<meta property=\"article:modified_time\" content=\"2022-04-25T14:42:20+00:00\" \/>\n<meta property=\"og:image\" content=\"https:\/\/www.agriflanders.be\/wp-content\/uploads\/2022\/03\/YUN_0018-scaled.jpg\" \/>\n\t<meta property=\"og:image:width\" content=\"2048\" \/>\n\t<meta property=\"og:image:height\" content=\"1153\" \/>\n\t<meta property=\"og:image:type\" content=\"image\/jpeg\" \/>\n<meta name=\"author\" content=\"Gunther De Mey\" \/>\n<meta name=\"twitter:card\" content=\"summary_large_image\" \/>\n<meta name=\"twitter:label1\" content=\"\u00c9crit par\" \/>\n\t<meta name=\"twitter:data1\" content=\"Gunther De Mey\" \/>\n\t<meta name=\"twitter:label2\" content=\"Dur\u00e9e de lecture est.\" \/>\n\t<meta name=\"twitter:data2\" content=\"4 minutes\" \/>\n<script type=\"application\/ld+json\" class=\"yoast-schema-graph\">{\"@context\":\"https:\\\/\\\/schema.org\",\"@graph\":[{\"@type\":\"Article\",\"@id\":\"https:\\\/\\\/www.agriflanders.be\\\/nl\\\/al-meer-dan-200-exposanten-ingeschreven-voor-lente-editie-van-de-agridagen\\\/#article\",\"isPartOf\":{\"@id\":\"https:\\\/\\\/www.agriflanders.be\\\/nl\\\/al-meer-dan-200-exposanten-ingeschreven-voor-lente-editie-van-de-agridagen\\\/\"},\"author\":{\"name\":\"Gunther De Mey\",\"@id\":\"https:\\\/\\\/www.agriflanders.be\\\/nl\\\/#\\\/schema\\\/person\\\/e569c5d742bc4f17e0295e787fd30eca\"},\"headline\":\"Al meer dan 200 exposanten ingeschreven voor lente-editie van de Agridagen\",\"datePublished\":\"2022-04-25T13:33:34+00:00\",\"dateModified\":\"2022-04-25T14:42:20+00:00\",\"mainEntityOfPage\":{\"@id\":\"https:\\\/\\\/www.agriflanders.be\\\/nl\\\/al-meer-dan-200-exposanten-ingeschreven-voor-lente-editie-van-de-agridagen\\\/\"},\"wordCount\":420,\"commentCount\":0,\"image\":{\"@id\":\"https:\\\/\\\/www.agriflanders.be\\\/nl\\\/al-meer-dan-200-exposanten-ingeschreven-voor-lente-editie-van-de-agridagen\\\/#primaryimage\"},\"thumbnailUrl\":\"https:\\\/\\\/www.agriflanders.be\\\/wp-content\\\/uploads\\\/2022\\\/03\\\/YUN_0018-scaled.jpg\",\"articleSection\":[\"Uncategorized\"],\"inLanguage\":\"fr-BE\",\"potentialAction\":[{\"@type\":\"CommentAction\",\"name\":\"Comment\",\"target\":[\"https:\\\/\\\/www.agriflanders.be\\\/nl\\\/al-meer-dan-200-exposanten-ingeschreven-voor-lente-editie-van-de-agridagen\\\/#respond\"]}]},{\"@type\":\"WebPage\",\"@id\":\"https:\\\/\\\/www.agriflanders.be\\\/nl\\\/al-meer-dan-200-exposanten-ingeschreven-voor-lente-editie-van-de-agridagen\\\/\",\"url\":\"https:\\\/\\\/www.agriflanders.be\\\/nl\\\/al-meer-dan-200-exposanten-ingeschreven-voor-lente-editie-van-de-agridagen\\\/\",\"name\":\"Al meer dan 200 exposanten ingeschreven voor lente-editie van de Agridagen - Agriflanders\",\"isPartOf\":{\"@id\":\"https:\\\/\\\/www.agriflanders.be\\\/nl\\\/#website\"},\"primaryImageOfPage\":{\"@id\":\"https:\\\/\\\/www.agriflanders.be\\\/nl\\\/al-meer-dan-200-exposanten-ingeschreven-voor-lente-editie-van-de-agridagen\\\/#primaryimage\"},\"image\":{\"@id\":\"https:\\\/\\\/www.agriflanders.be\\\/nl\\\/al-meer-dan-200-exposanten-ingeschreven-voor-lente-editie-van-de-agridagen\\\/#primaryimage\"},\"thumbnailUrl\":\"https:\\\/\\\/www.agriflanders.be\\\/wp-content\\\/uploads\\\/2022\\\/03\\\/YUN_0018-scaled.jpg\",\"datePublished\":\"2022-04-25T13:33:34+00:00\",\"dateModified\":\"2022-04-25T14:42:20+00:00\",\"author\":{\"@id\":\"https:\\\/\\\/www.agriflanders.be\\\/nl\\\/#\\\/schema\\\/person\\\/e569c5d742bc4f17e0295e787fd30eca\"},\"breadcrumb\":{\"@id\":\"https:\\\/\\\/www.agriflanders.be\\\/nl\\\/al-meer-dan-200-exposanten-ingeschreven-voor-lente-editie-van-de-agridagen\\\/#breadcrumb\"},\"inLanguage\":\"fr-BE\",\"potentialAction\":[{\"@type\":\"ReadAction\",\"target\":[\"https:\\\/\\\/www.agriflanders.be\\\/nl\\\/al-meer-dan-200-exposanten-ingeschreven-voor-lente-editie-van-de-agridagen\\\/\"]}]},{\"@type\":\"ImageObject\",\"inLanguage\":\"fr-BE\",\"@id\":\"https:\\\/\\\/www.agriflanders.be\\\/nl\\\/al-meer-dan-200-exposanten-ingeschreven-voor-lente-editie-van-de-agridagen\\\/#primaryimage\",\"url\":\"https:\\\/\\\/www.agriflanders.be\\\/wp-content\\\/uploads\\\/2022\\\/03\\\/YUN_0018-scaled.jpg\",\"contentUrl\":\"https:\\\/\\\/www.agriflanders.be\\\/wp-content\\\/uploads\\\/2022\\\/03\\\/YUN_0018-scaled.jpg\",\"width\":2048,\"height\":1153,\"caption\":\"DCIM135C23HDYUN_0018.\"},{\"@type\":\"BreadcrumbList\",\"@id\":\"https:\\\/\\\/www.agriflanders.be\\\/nl\\\/al-meer-dan-200-exposanten-ingeschreven-voor-lente-editie-van-de-agridagen\\\/#breadcrumb\",\"itemListElement\":[{\"@type\":\"ListItem\",\"position\":1,\"name\":\"Home\",\"item\":\"https:\\\/\\\/www.agriflanders.be\\\/nl\\\/\"},{\"@type\":\"ListItem\",\"position\":2,\"name\":\"Al meer dan 200 exposanten ingeschreven voor lente-editie van de Agridagen\"}]},{\"@type\":\"WebSite\",\"@id\":\"https:\\\/\\\/www.agriflanders.be\\\/nl\\\/#website\",\"url\":\"https:\\\/\\\/www.agriflanders.be\\\/nl\\\/\",\"name\":\"Agriflanders\",\"description\":\"Vakbeurs voor intensieve veeteelt en mechanisatie op erfniveau\",\"potentialAction\":[{\"@type\":\"SearchAction\",\"target\":{\"@type\":\"EntryPoint\",\"urlTemplate\":\"https:\\\/\\\/www.agriflanders.be\\\/nl\\\/?s={search_term_string}\"},\"query-input\":{\"@type\":\"PropertyValueSpecification\",\"valueRequired\":true,\"valueName\":\"search_term_string\"}}],\"inLanguage\":\"fr-BE\"},{\"@type\":\"Person\",\"@id\":\"https:\\\/\\\/www.agriflanders.be\\\/nl\\\/#\\\/schema\\\/person\\\/e569c5d742bc4f17e0295e787fd30eca\",\"name\":\"Gunther De Mey\",\"image\":{\"@type\":\"ImageObject\",\"inLanguage\":\"fr-BE\",\"@id\":\"https:\\\/\\\/www.agriflanders.be\\\/wp-content\\\/litespeed\\\/avatar\\\/934e36870a75cdae5197a5a22c3c9429.jpg?ver=1777529641\",\"url\":\"https:\\\/\\\/www.agriflanders.be\\\/wp-content\\\/litespeed\\\/avatar\\\/934e36870a75cdae5197a5a22c3c9429.jpg?ver=1777529641\",\"contentUrl\":\"https:\\\/\\\/www.agriflanders.be\\\/wp-content\\\/litespeed\\\/avatar\\\/934e36870a75cdae5197a5a22c3c9429.jpg?ver=1777529641\",\"caption\":\"Gunther De Mey\"},\"url\":\"https:\\\/\\\/www.agriflanders.be\\\/fr\\\/author\\\/agribevents\\\/\"}]}<\/script>\n<!-- \/ Yoast SEO plugin. -->","yoast_head_json":{"title":"Plus de 200 exposants se sont d\u00e9j\u00e0 inscrits \u00e0 l&#039;\u00e9dition de printemps d&#039;Agridays - Agriflanders.","robots":{"index":"index","follow":"follow","max-snippet":"max-snippet:-1","max-image-preview":"max-image-preview:large","max-video-preview":"max-video-preview:-1"},"canonical":"https:\/\/www.agriflanders.be\/fr\/al-meer-dan-200-exposanten-ingeschreven-voor-lente-editie-van-de-agridagen\/","og_locale":"fr_FR","og_type":"article","og_title":"Al meer dan 200 exposanten ingeschreven voor lente-editie van de Agridagen - Agriflanders","og_description":"Eind januari besliste AgriBevents om de 4de editie van de vernieuwde Agridagen uit te stellen van maart naar 20 tot en met 22 mei. Sindsdien werd er achter de schermen hard gewerkt om de beurs vorm te geven. Met al meer dan 200 ingeschreven exposanten, 3 actuele sector-seminaries en 4 prijskampen lijkt de organisatie in &hellip; Continue reading \"Sanac\"","og_url":"https:\/\/www.agriflanders.be\/fr\/al-meer-dan-200-exposanten-ingeschreven-voor-lente-editie-van-de-agridagen\/","og_site_name":"Agriflanders","article_published_time":"2022-04-25T13:33:34+00:00","article_modified_time":"2022-04-25T14:42:20+00:00","og_image":[{"width":2048,"height":1153,"url":"https:\/\/www.agriflanders.be\/wp-content\/uploads\/2022\/03\/YUN_0018-scaled.jpg","type":"image\/jpeg"}],"author":"Gunther De Mey","twitter_card":"summary_large_image","twitter_misc":{"\u00c9crit par":"Gunther De Mey","Dur\u00e9e de lecture est.":"4 minutes"},"schema":{"@context":"https:\/\/schema.org","@graph":[{"@type":"Article","@id":"https:\/\/www.agriflanders.be\/nl\/al-meer-dan-200-exposanten-ingeschreven-voor-lente-editie-van-de-agridagen\/#article","isPartOf":{"@id":"https:\/\/www.agriflanders.be\/nl\/al-meer-dan-200-exposanten-ingeschreven-voor-lente-editie-van-de-agridagen\/"},"author":{"name":"Gunther De Mey","@id":"https:\/\/www.agriflanders.be\/nl\/#\/schema\/person\/e569c5d742bc4f17e0295e787fd30eca"},"headline":"Al meer dan 200 exposanten ingeschreven voor lente-editie van de Agridagen","datePublished":"2022-04-25T13:33:34+00:00","dateModified":"2022-04-25T14:42:20+00:00","mainEntityOfPage":{"@id":"https:\/\/www.agriflanders.be\/nl\/al-meer-dan-200-exposanten-ingeschreven-voor-lente-editie-van-de-agridagen\/"},"wordCount":420,"commentCount":0,"image":{"@id":"https:\/\/www.agriflanders.be\/nl\/al-meer-dan-200-exposanten-ingeschreven-voor-lente-editie-van-de-agridagen\/#primaryimage"},"thumbnailUrl":"https:\/\/www.agriflanders.be\/wp-content\/uploads\/2022\/03\/YUN_0018-scaled.jpg","articleSection":["Uncategorized"],"inLanguage":"fr-BE","potentialAction":[{"@type":"CommentAction","name":"Comment","target":["https:\/\/www.agriflanders.be\/nl\/al-meer-dan-200-exposanten-ingeschreven-voor-lente-editie-van-de-agridagen\/#respond"]}]},{"@type":"WebPage","@id":"https:\/\/www.agriflanders.be\/nl\/al-meer-dan-200-exposanten-ingeschreven-voor-lente-editie-van-de-agridagen\/","url":"https:\/\/www.agriflanders.be\/nl\/al-meer-dan-200-exposanten-ingeschreven-voor-lente-editie-van-de-agridagen\/","name":"Plus de 200 exposants se sont d\u00e9j\u00e0 inscrits \u00e0 l&#039;\u00e9dition de printemps d&#039;Agridays - Agriflanders.","isPartOf":{"@id":"https:\/\/www.agriflanders.be\/nl\/#website"},"primaryImageOfPage":{"@id":"https:\/\/www.agriflanders.be\/nl\/al-meer-dan-200-exposanten-ingeschreven-voor-lente-editie-van-de-agridagen\/#primaryimage"},"image":{"@id":"https:\/\/www.agriflanders.be\/nl\/al-meer-dan-200-exposanten-ingeschreven-voor-lente-editie-van-de-agridagen\/#primaryimage"},"thumbnailUrl":"https:\/\/www.agriflanders.be\/wp-content\/uploads\/2022\/03\/YUN_0018-scaled.jpg","datePublished":"2022-04-25T13:33:34+00:00","dateModified":"2022-04-25T14:42:20+00:00","author":{"@id":"https:\/\/www.agriflanders.be\/nl\/#\/schema\/person\/e569c5d742bc4f17e0295e787fd30eca"},"breadcrumb":{"@id":"https:\/\/www.agriflanders.be\/nl\/al-meer-dan-200-exposanten-ingeschreven-voor-lente-editie-van-de-agridagen\/#breadcrumb"},"inLanguage":"fr-BE","potentialAction":[{"@type":"ReadAction","target":["https:\/\/www.agriflanders.be\/nl\/al-meer-dan-200-exposanten-ingeschreven-voor-lente-editie-van-de-agridagen\/"]}]},{"@type":"ImageObject","inLanguage":"fr-BE","@id":"https:\/\/www.agriflanders.be\/nl\/al-meer-dan-200-exposanten-ingeschreven-voor-lente-editie-van-de-agridagen\/#primaryimage","url":"https:\/\/www.agriflanders.be\/wp-content\/uploads\/2022\/03\/YUN_0018-scaled.jpg","contentUrl":"https:\/\/www.agriflanders.be\/wp-content\/uploads\/2022\/03\/YUN_0018-scaled.jpg","width":2048,"height":1153,"caption":"DCIM135C23HDYUN_0018."},{"@type":"BreadcrumbList","@id":"https:\/\/www.agriflanders.be\/nl\/al-meer-dan-200-exposanten-ingeschreven-voor-lente-editie-van-de-agridagen\/#breadcrumb","itemListElement":[{"@type":"ListItem","position":1,"name":"Home","item":"https:\/\/www.agriflanders.be\/nl\/"},{"@type":"ListItem","position":2,"name":"Al meer dan 200 exposanten ingeschreven voor lente-editie van de Agridagen"}]},{"@type":"WebSite","@id":"https:\/\/www.agriflanders.be\/nl\/#website","url":"https:\/\/www.agriflanders.be\/nl\/","name":"Agriflanders","description":"Salon de l&#039;\u00e9levage intensif et de la m\u00e9canisation \u00e0 la ferme","potentialAction":[{"@type":"SearchAction","target":{"@type":"EntryPoint","urlTemplate":"https:\/\/www.agriflanders.be\/nl\/?s={search_term_string}"},"query-input":{"@type":"PropertyValueSpecification","valueRequired":true,"valueName":"search_term_string"}}],"inLanguage":"fr-BE"},{"@type":"Person","@id":"https:\/\/www.agriflanders.be\/nl\/#\/schema\/person\/e569c5d742bc4f17e0295e787fd30eca","name":"G\u00fcnther De Mey","image":{"@type":"ImageObject","inLanguage":"fr-BE","@id":"https:\/\/www.agriflanders.be\/wp-content\/litespeed\/avatar\/934e36870a75cdae5197a5a22c3c9429.jpg?ver=1777529641","url":"https:\/\/www.agriflanders.be\/wp-content\/litespeed\/avatar\/934e36870a75cdae5197a5a22c3c9429.jpg?ver=1777529641","contentUrl":"https:\/\/www.agriflanders.be\/wp-content\/litespeed\/avatar\/934e36870a75cdae5197a5a22c3c9429.jpg?ver=1777529641","caption":"Gunther De Mey"},"url":"https:\/\/www.agriflanders.be\/fr\/author\/agribevents\/"}]}},"_links":{"self":[{"href":"https:\/\/www.agriflanders.be\/fr\/wp-json\/wp\/v2\/posts\/7739","targetHints":{"allow":["GET"]}}],"collection":[{"href":"https:\/\/www.agriflanders.be\/fr\/wp-json\/wp\/v2\/posts"}],"about":[{"href":"https:\/\/www.agriflanders.be\/fr\/wp-json\/wp\/v2\/types\/post"}],"author":[{"embeddable":true,"href":"https:\/\/www.agriflanders.be\/fr\/wp-json\/wp\/v2\/users\/2"}],"replies":[{"embeddable":true,"href":"https:\/\/www.agriflanders.be\/fr\/wp-json\/wp\/v2\/comments?post=7739"}],"version-history":[{"count":0,"href":"https:\/\/www.agriflanders.be\/fr\/wp-json\/wp\/v2\/posts\/7739\/revisions"}],"wp:featuredmedia":[{"embeddable":true,"href":"https:\/\/www.agriflanders.be\/fr\/wp-json\/wp\/v2\/media\/7026"}],"wp:attachment":[{"href":"https:\/\/www.agriflanders.be\/fr\/wp-json\/wp\/v2\/media?parent=7739"}],"wp:term":[{"taxonomy":"category","embeddable":true,"href":"https:\/\/www.agriflanders.be\/fr\/wp-json\/wp\/v2\/categories?post=7739"},{"taxonomy":"post_tag","embeddable":true,"href":"https:\/\/www.agriflanders.be\/fr\/wp-json\/wp\/v2\/tags?post=7739"}],"curies":[{"name":"wp","href":"https:\/\/api.w.org\/{rel}","templated":true}]}}