{"id":6202,"date":"2022-02-01T12:11:00","date_gmt":"2022-02-01T12:11:00","guid":{"rendered":"http:\/\/agriflanders.be\/?p=6202"},"modified":"2022-04-08T11:53:28","modified_gmt":"2022-04-08T11:53:28","slug":"agridagen-gaat-door-van-20-tot-en-met-22-mei-in-ravels","status":"publish","type":"post","link":"https:\/\/www.agriflanders.be\/fr\/agridagen-gaat-door-van-20-tot-en-met-22-mei-in-ravels\/","title":{"rendered":"La quatri\u00e8me \u00e9dition de l&#039;Agridagen renouvel\u00e9 aura lieu du 20 au 22 mai \u00e0 Ravels !"},"content":{"rendered":"<div data-elementor-type=\"wp-post\" data-elementor-id=\"6202\" class=\"elementor elementor-6202\" data-elementor-post-type=\"post\">\n\t\t\t\t\t\t<section class=\"elementor-section elementor-top-section elementor-element elementor-element-e4518ac elementor-section-boxed elementor-section-height-default elementor-section-height-default\" data-id=\"e4518ac\" data-element_type=\"section\" data-e-type=\"section\">\n\t\t\t\t\t\t<div class=\"elementor-container elementor-column-gap-default\">\n\t\t\t\t\t<div class=\"elementor-column elementor-col-66 elementor-top-column elementor-element elementor-element-c13f365\" data-id=\"c13f365\" data-element_type=\"column\" data-e-type=\"column\">\n\t\t\t<div class=\"elementor-widget-wrap elementor-element-populated\">\n\t\t\t\t\t\t<div class=\"elementor-element elementor-element-7700bb5 elementor-widget elementor-widget-text-editor\" data-id=\"7700bb5\" data-element_type=\"widget\" data-e-type=\"widget\" data-widget_type=\"text-editor.default\">\n\t\t\t\t<div class=\"elementor-widget-container\">\n\t\t\t\t\t\t\t\t\t<p>La crise corona ne facilite pas non plus la t\u00e2che des organisateurs de salons et d&#039;\u00e9v\u00e9nements cette ann\u00e9e. Mi-janvier, AgriBevents a d\u00e9cid\u00e9 de ne pas laisser les Agri Days se d\u00e9rouler les 4, 5 et 6 mars. Cependant, l&#039;\u00e9quipe organisatrice ne baisse pas les bras et fixe d\u00e9sormais une nouvelle date en concertation avec les exposants. Le compte \u00e0 rebours des retrouvailles heureuses avec le secteur agricole peut commencer !<\/p>\t\t\t\t\t\t\t\t<\/div>\n\t\t\t\t<\/div>\n\t\t\t\t\t<\/div>\n\t\t<\/div>\n\t\t\t\t<div class=\"elementor-column elementor-col-33 elementor-top-column elementor-element elementor-element-9b75a97\" data-id=\"9b75a97\" data-element_type=\"column\" data-e-type=\"column\">\n\t\t\t<div class=\"elementor-widget-wrap elementor-element-populated\">\n\t\t\t\t\t\t<div class=\"elementor-element elementor-element-9f6a68a elementor-widget elementor-widget-shortcode\" data-id=\"9f6a68a\" data-element_type=\"widget\" data-e-type=\"widget\" data-widget_type=\"shortcode.default\">\n\t\t\t\t<div class=\"elementor-widget-container\">\n\t\t\t\t\t\t\t<div class=\"elementor-shortcode\"><div class=\"sponsor-level1\">\n\t<div class=\"sponsor-level1-inner\">\n\t<h5>Sponsor principal<\/h5><div class=\"sponsor-level1-logo\">\n\t\t\t<a href=\"https:\/\/www.kbc.be\/ondernemen\/nl\/specifieke-sectoren\/landbouw-en-tuinbouw\/agro.html\" target=\"_blank\"><img decoding=\"async\" src=\"https:\/\/www.agriflanders.be\/wp-content\/uploads\/2022\/09\/KBC.svg\"><\/a>\n\t\t<\/div><\/div>\n<\/div><\/div>\n\t\t\t\t\t\t<\/div>\n\t\t\t\t<\/div>\n\t\t\t\t\t<\/div>\n\t\t<\/div>\n\t\t\t\t\t<\/div>\n\t\t<\/section>\n\t\t\t\t<section class=\"elementor-section elementor-top-section elementor-element elementor-element-a4b937f elementor-section-boxed elementor-section-height-default elementor-section-height-default\" data-id=\"a4b937f\" data-element_type=\"section\" data-e-type=\"section\">\n\t\t\t\t\t\t<div class=\"elementor-container elementor-column-gap-default\">\n\t\t\t\t\t<div class=\"elementor-column elementor-col-50 elementor-top-column elementor-element elementor-element-2bfd8b1\" data-id=\"2bfd8b1\" data-element_type=\"column\" data-e-type=\"column\">\n\t\t\t<div class=\"elementor-widget-wrap elementor-element-populated\">\n\t\t\t\t\t\t<div class=\"elementor-element elementor-element-bca2fc5 elementor-widget elementor-widget-image\" data-id=\"bca2fc5\" data-element_type=\"widget\" data-e-type=\"widget\" data-widget_type=\"image.default\">\n\t\t\t\t<div class=\"elementor-widget-container\">\n\t\t\t\t\t\t\t\t\t\t\t\t\t\t\t<img decoding=\"async\" src=\"https:\/\/www.agriflanders.be\/wp-content\/uploads\/elementor\/thumbs\/agridagen2020-welkom-q0y3px82wrt4ynfw99gy6h4bpkk41imshri5svtvik.jpg\" title=\"agridagen2020-bienvenue\" alt=\"Welkom op Agridagen\" loading=\"lazy\" \/>\t\t\t\t\t\t\t\t\t\t\t\t\t\t\t<\/div>\n\t\t\t\t<\/div>\n\t\t\t\t\t<\/div>\n\t\t<\/div>\n\t\t\t\t<div class=\"elementor-column elementor-col-50 elementor-top-column elementor-element elementor-element-71b74df\" data-id=\"71b74df\" data-element_type=\"column\" data-e-type=\"column\">\n\t\t\t<div class=\"elementor-widget-wrap elementor-element-populated\">\n\t\t\t\t\t\t<div class=\"elementor-element elementor-element-dd05b07 elementor-widget elementor-widget-heading\" data-id=\"dd05b07\" data-element_type=\"widget\" data-e-type=\"widget\" data-widget_type=\"heading.default\">\n\t\t\t\t<div class=\"elementor-widget-container\">\n\t\t\t\t\t<h3 class=\"elementor-heading-title elementor-size-default\">Diff\u00e9r\u00e9 mais pas d&#039;ajustement<\/h3>\t\t\t\t<\/div>\n\t\t\t\t<\/div>\n\t\t\t\t<div class=\"elementor-element elementor-element-5b67ee4 elementor-widget elementor-widget-text-editor\" data-id=\"5b67ee4\" data-element_type=\"widget\" data-e-type=\"widget\" data-widget_type=\"text-editor.default\">\n\t\t\t\t<div class=\"elementor-widget-container\">\n\t\t\t\t\t\t\t\t\t<p>AgriBevents avait initialement pens\u00e9 \u00e0 reporter imm\u00e9diatement le salon \u00e0 2024. Cependant, le Pr\u00e9sident re\u00e7oit chaque jour de nombreux signaux indiquant que de nombreuses personnes du secteur agricole ont besoin de contacts sociaux et commerciaux.<\/p><p>\u00ab La crise corona commence clairement \u00e0 peser sur tout le monde. Les gens veulent sortir \u00e0 nouveau, se rencontrer et attendre quelque chose avec impatience \u00bb, dit-il. \u00ab De plus, ces derni\u00e8res semaines, diverses entreprises ont \u00e9galement indiqu\u00e9 spontan\u00e9ment qu&#039;apr\u00e8s la disparition de presque tous les autres salons agricoles, un moment de contact \u00e9tait n\u00e9cessaire pour notre secteur. C&#039;est pourquoi nous avons lanc\u00e9 une enqu\u00eate aupr\u00e8s des exposants inscrits pour reporter les Agri Days \u00e0 une date ult\u00e9rieure. Sur cette base et apr\u00e8s un examen approfondi de tous les avantages et inconv\u00e9nients, nous avons maintenant d\u00e9cid\u00e9 de laisser la quatri\u00e8me \u00e9dition de l&#039;Agridagen renouvel\u00e9 se d\u00e9rouler le week-end du vendredi 20 au dimanche 22 mai. C&#039;\u00e9tait aussi le choix de 85% parmi plus de 160 entreprises qui ont r\u00e9pondu \u00e0 notre enqu\u00eate.<\/p>\t\t\t\t\t\t\t\t<\/div>\n\t\t\t\t<\/div>\n\t\t\t\t\t<\/div>\n\t\t<\/div>\n\t\t\t\t\t<\/div>\n\t\t<\/section>\n\t\t\t\t<section class=\"elementor-section elementor-top-section elementor-element elementor-element-f1188a0 elementor-section-boxed elementor-section-height-default elementor-section-height-default\" data-id=\"f1188a0\" data-element_type=\"section\" data-e-type=\"section\">\n\t\t\t\t\t\t<div class=\"elementor-container elementor-column-gap-default\">\n\t\t\t\t\t<div class=\"elementor-column elementor-col-50 elementor-top-column elementor-element elementor-element-53a025f\" data-id=\"53a025f\" data-element_type=\"column\" data-e-type=\"column\">\n\t\t\t<div class=\"elementor-widget-wrap elementor-element-populated\">\n\t\t\t\t\t\t<div class=\"elementor-element elementor-element-00bbfdd elementor-widget elementor-widget-heading\" data-id=\"00bbfdd\" data-element_type=\"widget\" data-e-type=\"widget\" data-widget_type=\"heading.default\">\n\t\t\t\t<div class=\"elementor-widget-container\">\n\t\t\t\t\t<h3 class=\"elementor-heading-title elementor-size-default\">Retour \u00e0 une foire &quot;normale&quot;<\/h3>\t\t\t\t<\/div>\n\t\t\t\t<\/div>\n\t\t\t\t<div class=\"elementor-element elementor-element-88d9a6b elementor-widget elementor-widget-text-editor\" data-id=\"88d9a6b\" data-element_type=\"widget\" data-e-type=\"widget\" data-widget_type=\"text-editor.default\">\n\t\t\t\t<div class=\"elementor-widget-container\">\n\t\t\t\t\t\t\t\t\t<p>Tout d\u00e9pend d\u00e9sormais de l&#039;\u00e9volution future de la pand\u00e9mie, mais l&#039;\u00e9quipe d&#039;organisation est d\u00e9j\u00e0 enthousiaste.<\/p><p>\u00ab \u00c9videmment, nous n&#039;organiserons efficacement le salon que s&#039;il peut se d\u00e9rouler de mani\u00e8re quasi-normale. Sur la base de l&#039;\u00e9volution actuelle, nous esp\u00e9rons que le secteur agricole pourra se r\u00e9unir dans une ambiance d\u00e9tendue en mai. Une conversation d\u00e9contract\u00e9e sans protocole de restauration, c&#039;est ce que nous recherchons. Nous sommes convaincus qu&#039;apr\u00e8s une longue p\u00e9riode de contacts sociaux limit\u00e9s, ce seront des retrouvailles tr\u00e8s chaleureuses.<\/p>\t\t\t\t\t\t\t\t<\/div>\n\t\t\t\t<\/div>\n\t\t\t\t\t<\/div>\n\t\t<\/div>\n\t\t\t\t<div class=\"elementor-column elementor-col-50 elementor-top-column elementor-element elementor-element-b4bd182\" data-id=\"b4bd182\" data-element_type=\"column\" data-e-type=\"column\">\n\t\t\t<div class=\"elementor-widget-wrap elementor-element-populated\">\n\t\t\t\t\t\t<div class=\"elementor-element elementor-element-3dcd0dc elementor-widget elementor-widget-image\" data-id=\"3dcd0dc\" data-element_type=\"widget\" data-e-type=\"widget\" data-widget_type=\"image.default\">\n\t\t\t\t<div class=\"elementor-widget-container\">\n\t\t\t\t\t\t\t\t\t\t\t\t\t\t\t<img decoding=\"async\" src=\"https:\/\/www.agriflanders.be\/wp-content\/uploads\/elementor\/thumbs\/sizedSEMINARI-VARKENSHOUDERIJ-_-1691-scaled-q0y3px82wrt4ynfw99gy6h4bpkk41imshri5svtvik.jpg\" title=\"tailleSEMINARIPAGRICULTURE PORCINE _-1691\" alt=\"tailleSEMINARIPAGRICULTURE PORCINE _-1691\" loading=\"lazy\" \/>\t\t\t\t\t\t\t\t\t\t\t\t\t\t\t<\/div>\n\t\t\t\t<\/div>\n\t\t\t\t\t<\/div>\n\t\t<\/div>\n\t\t\t\t\t<\/div>\n\t\t<\/section>\n\t\t\t\t<section class=\"elementor-section elementor-top-section elementor-element elementor-element-37eba8d elementor-section-boxed elementor-section-height-default elementor-section-height-default\" data-id=\"37eba8d\" data-element_type=\"section\" data-e-type=\"section\">\n\t\t\t\t\t\t<div class=\"elementor-container elementor-column-gap-default\">\n\t\t\t\t\t<div class=\"elementor-column elementor-col-100 elementor-top-column elementor-element elementor-element-12da8b5\" data-id=\"12da8b5\" data-element_type=\"column\" data-e-type=\"column\">\n\t\t\t<div class=\"elementor-widget-wrap elementor-element-populated\">\n\t\t\t\t\t\t<div class=\"elementor-element elementor-element-0ced90c elementor-widget elementor-widget-heading\" data-id=\"0ced90c\" data-element_type=\"widget\" data-e-type=\"widget\" data-widget_type=\"heading.default\">\n\t\t\t\t<div class=\"elementor-widget-container\">\n\t\t\t\t\t<h3 class=\"elementor-heading-title elementor-size-default\">Pas de frais d&#039;inscription ou d&#039;administration<\/h3>\t\t\t\t<\/div>\n\t\t\t\t<\/div>\n\t\t\t\t<div class=\"elementor-element elementor-element-18345a9 elementor-widget elementor-widget-text-editor\" data-id=\"18345a9\" data-element_type=\"widget\" data-e-type=\"widget\" data-widget_type=\"text-editor.default\">\n\t\t\t\t<div class=\"elementor-widget-container\">\n\t\t\t\t\t\t\t\t\tAgriBevents essaie de limiter au maximum le risque financier pour les exposants. \u00ab Chaque entreprise peut librement choisir de participer ou non \u00e0 cette \u00e9dition report\u00e9e, sans cons\u00e9quences financi\u00e8res. Mais m\u00eame dans le cas o\u00f9 le salon devrait encore \u00eatre annul\u00e9 en raison de corona, l&#039;organisation ne facturera pas de frais d&#039;inscription ou d&#039;administration. Nous consid\u00e9rons nos exposants comme de v\u00e9ritables partenaires et voulons prouver par cette disposition que ce ne sont pas de vains mots \u00bb, conclut Georges Van Keerberghen.\t\t\t\t\t\t\t\t<\/div>\n\t\t\t\t<\/div>\n\t\t\t\t\t<\/div>\n\t\t<\/div>\n\t\t\t\t\t<\/div>\n\t\t<\/section>\n\t\t\t\t<section class=\"elementor-section elementor-top-section elementor-element elementor-element-ffedba3 elementor-section-boxed elementor-section-height-default elementor-section-height-default\" data-id=\"ffedba3\" data-element_type=\"section\" data-e-type=\"section\">\n\t\t\t\t\t\t<div class=\"elementor-container elementor-column-gap-default\">\n\t\t\t\t\t<div class=\"elementor-column elementor-col-50 elementor-top-column elementor-element elementor-element-2fcf24a\" data-id=\"2fcf24a\" data-element_type=\"column\" data-e-type=\"column\">\n\t\t\t<div class=\"elementor-widget-wrap elementor-element-populated\">\n\t\t\t\t\t\t<div class=\"elementor-element elementor-element-0303e82 elementor-widget elementor-widget-image\" data-id=\"0303e82\" data-element_type=\"widget\" data-e-type=\"widget\" data-widget_type=\"image.default\">\n\t\t\t\t<div class=\"elementor-widget-container\">\n\t\t\t\t\t\t\t\t\t\t\t\t\t\t\t<img decoding=\"async\" src=\"https:\/\/www.agriflanders.be\/wp-content\/uploads\/elementor\/thumbs\/sizedPRIJSKAMP-WITBLAUW-9490-scaled-q0y3px82wrt4ynfw99gy6h4bpkk41imshri5svtvik.jpg\" title=\"taille PRIX BLANC BLEU-9490\" alt=\"taille PRIX BLANC BLEU-9490\" loading=\"lazy\" \/>\t\t\t\t\t\t\t\t\t\t\t\t\t\t\t<\/div>\n\t\t\t\t<\/div>\n\t\t\t\t\t<\/div>\n\t\t<\/div>\n\t\t\t\t<div class=\"elementor-column elementor-col-50 elementor-top-column elementor-element elementor-element-c4f8ec2\" data-id=\"c4f8ec2\" data-element_type=\"column\" data-e-type=\"column\">\n\t\t\t<div class=\"elementor-widget-wrap elementor-element-populated\">\n\t\t\t\t\t\t<div class=\"elementor-element elementor-element-2a9b469 elementor-widget elementor-widget-image\" data-id=\"2a9b469\" data-element_type=\"widget\" data-e-type=\"widget\" data-widget_type=\"image.default\">\n\t\t\t\t<div class=\"elementor-widget-container\">\n\t\t\t\t\t\t\t\t\t\t\t\t\t\t\t<img decoding=\"async\" src=\"https:\/\/www.agriflanders.be\/wp-content\/uploads\/elementor\/thumbs\/sizedHal2_STANDEN-8743-scaled-q0y3px82wrt4ynfw99gy6h4bpkk41imshri5svtvik.jpg\" title=\"sizedHal2_STANDS-8743\" alt=\"sizedHal2_STANDS-8743\" loading=\"lazy\" \/>\t\t\t\t\t\t\t\t\t\t\t\t\t\t\t<\/div>\n\t\t\t\t<\/div>\n\t\t\t\t\t<\/div>\n\t\t<\/div>\n\t\t\t\t\t<\/div>\n\t\t<\/section>\n\t\t\t\t<\/div>","protected":false},"excerpt":{"rendered":"<p>La crise corona ne facilite pas non plus la t\u00e2che des organisateurs de salons et d&#039;\u00e9v\u00e9nements cette ann\u00e9e. Mi-janvier, AgriBevents a d\u00e9cid\u00e9 de ne pas laisser les Agri Days se d\u00e9rouler les 4, 5 et 6 mars. Cependant, l&#039;\u00e9quipe organisatrice ne baisse pas les bras et fixe d\u00e9sormais une nouvelle date en concertation avec les exposants. Ce \u2026 <a href=\"https:\/\/www.agriflanders.be\/fr\/sponsor\/sanac\/\" class=\"more-link\">continuer la lecture<span class=\"screen-reader-text\"> \u00ab\u00a0Sanac\u00a0\u00bb<\/span><\/a><\/p>","protected":false},"author":1,"featured_media":7026,"comment_status":"open","ping_status":"open","sticky":false,"template":"","format":"standard","meta":{"_acf_changed":false,"footnotes":""},"categories":[1],"tags":[],"class_list":["post-6202","post","type-post","status-publish","format-standard","has-post-thumbnail","hentry","category-uncategorized"],"acf":[],"yoast_head":"<!-- This site is optimized with the Yoast SEO plugin v27.5 - https:\/\/yoast.com\/product\/yoast-seo-wordpress\/ -->\n<title>Vierde editie vernieuwde Agridagen gaat door van 20 t.e.m. 22 mei in Ravels! - Agriflanders<\/title>\n<meta name=\"robots\" content=\"index, follow, max-snippet:-1, max-image-preview:large, max-video-preview:-1\" \/>\n<link rel=\"canonical\" href=\"https:\/\/www.agriflanders.be\/fr\/agridagen-gaat-door-van-20-tot-en-met-22-mei-in-ravels\/\" \/>\n<meta property=\"og:locale\" content=\"fr_FR\" \/>\n<meta property=\"og:type\" content=\"article\" \/>\n<meta property=\"og:title\" content=\"Vierde editie vernieuwde Agridagen gaat door van 20 t.e.m. 22 mei in Ravels! - Agriflanders\" \/>\n<meta property=\"og:description\" content=\"De coronacrisis maakt het de organisatoren van beurzen en evenementen ook dit jaar niet gemakkelijk. Half januari heeft AgriBevents beslist om de Agridagen niet te laten doorgaan op 4, 5 en 6 maart. Het organisatieteam blijft echter niet bij de pakken zitten en stelt nu in overleg met de standhouders een nieuwe datum voorop. Het &hellip; Continue reading &quot;Sanac&quot;\" \/>\n<meta property=\"og:url\" content=\"https:\/\/www.agriflanders.be\/fr\/agridagen-gaat-door-van-20-tot-en-met-22-mei-in-ravels\/\" \/>\n<meta property=\"og:site_name\" content=\"Agriflanders\" \/>\n<meta property=\"article:published_time\" content=\"2022-02-01T12:11:00+00:00\" \/>\n<meta property=\"article:modified_time\" content=\"2022-04-08T11:53:28+00:00\" \/>\n<meta property=\"og:image\" content=\"https:\/\/www.agriflanders.be\/wp-content\/uploads\/2022\/03\/YUN_0018-scaled.jpg\" \/>\n\t<meta property=\"og:image:width\" content=\"2048\" \/>\n\t<meta property=\"og:image:height\" content=\"1153\" \/>\n\t<meta property=\"og:image:type\" content=\"image\/jpeg\" \/>\n<meta name=\"author\" content=\"galia\" \/>\n<meta name=\"twitter:card\" content=\"summary_large_image\" \/>\n<meta name=\"twitter:label1\" content=\"\u00c9crit par\" \/>\n\t<meta name=\"twitter:data1\" content=\"galia\" \/>\n\t<meta name=\"twitter:label2\" content=\"Dur\u00e9e de lecture est.\" \/>\n\t<meta name=\"twitter:data2\" content=\"3 minutes\" \/>\n<script type=\"application\/ld+json\" class=\"yoast-schema-graph\">{\"@context\":\"https:\\\/\\\/schema.org\",\"@graph\":[{\"@type\":\"Article\",\"@id\":\"https:\\\/\\\/www.agriflanders.be\\\/en\\\/agridagen-gaat-door-van-20-tot-en-met-22-mei-in-ravels\\\/#article\",\"isPartOf\":{\"@id\":\"https:\\\/\\\/www.agriflanders.be\\\/en\\\/agridagen-gaat-door-van-20-tot-en-met-22-mei-in-ravels\\\/\"},\"author\":{\"name\":\"galia\",\"@id\":\"https:\\\/\\\/www.agriflanders.be\\\/nl\\\/#\\\/schema\\\/person\\\/9a27429852c66be7525562c443fff722\"},\"headline\":\"Vierde editie vernieuwde Agridagen gaat door van 20 t.e.m. 22 mei in Ravels!\",\"datePublished\":\"2022-02-01T12:11:00+00:00\",\"dateModified\":\"2022-04-08T11:53:28+00:00\",\"mainEntityOfPage\":{\"@id\":\"https:\\\/\\\/www.agriflanders.be\\\/en\\\/agridagen-gaat-door-van-20-tot-en-met-22-mei-in-ravels\\\/\"},\"wordCount\":419,\"commentCount\":0,\"image\":{\"@id\":\"https:\\\/\\\/www.agriflanders.be\\\/en\\\/agridagen-gaat-door-van-20-tot-en-met-22-mei-in-ravels\\\/#primaryimage\"},\"thumbnailUrl\":\"https:\\\/\\\/www.agriflanders.be\\\/wp-content\\\/uploads\\\/2022\\\/03\\\/YUN_0018-scaled.jpg\",\"articleSection\":[\"Uncategorized\"],\"inLanguage\":\"fr-BE\",\"potentialAction\":[{\"@type\":\"CommentAction\",\"name\":\"Comment\",\"target\":[\"https:\\\/\\\/www.agriflanders.be\\\/en\\\/agridagen-gaat-door-van-20-tot-en-met-22-mei-in-ravels\\\/#respond\"]}]},{\"@type\":\"WebPage\",\"@id\":\"https:\\\/\\\/www.agriflanders.be\\\/en\\\/agridagen-gaat-door-van-20-tot-en-met-22-mei-in-ravels\\\/\",\"url\":\"https:\\\/\\\/www.agriflanders.be\\\/en\\\/agridagen-gaat-door-van-20-tot-en-met-22-mei-in-ravels\\\/\",\"name\":\"Vierde editie vernieuwde Agridagen gaat door van 20 t.e.m. 22 mei in Ravels! - Agriflanders\",\"isPartOf\":{\"@id\":\"https:\\\/\\\/www.agriflanders.be\\\/nl\\\/#website\"},\"primaryImageOfPage\":{\"@id\":\"https:\\\/\\\/www.agriflanders.be\\\/en\\\/agridagen-gaat-door-van-20-tot-en-met-22-mei-in-ravels\\\/#primaryimage\"},\"image\":{\"@id\":\"https:\\\/\\\/www.agriflanders.be\\\/en\\\/agridagen-gaat-door-van-20-tot-en-met-22-mei-in-ravels\\\/#primaryimage\"},\"thumbnailUrl\":\"https:\\\/\\\/www.agriflanders.be\\\/wp-content\\\/uploads\\\/2022\\\/03\\\/YUN_0018-scaled.jpg\",\"datePublished\":\"2022-02-01T12:11:00+00:00\",\"dateModified\":\"2022-04-08T11:53:28+00:00\",\"author\":{\"@id\":\"https:\\\/\\\/www.agriflanders.be\\\/nl\\\/#\\\/schema\\\/person\\\/9a27429852c66be7525562c443fff722\"},\"breadcrumb\":{\"@id\":\"https:\\\/\\\/www.agriflanders.be\\\/en\\\/agridagen-gaat-door-van-20-tot-en-met-22-mei-in-ravels\\\/#breadcrumb\"},\"inLanguage\":\"fr-BE\",\"potentialAction\":[{\"@type\":\"ReadAction\",\"target\":[\"https:\\\/\\\/www.agriflanders.be\\\/en\\\/agridagen-gaat-door-van-20-tot-en-met-22-mei-in-ravels\\\/\"]}]},{\"@type\":\"ImageObject\",\"inLanguage\":\"fr-BE\",\"@id\":\"https:\\\/\\\/www.agriflanders.be\\\/en\\\/agridagen-gaat-door-van-20-tot-en-met-22-mei-in-ravels\\\/#primaryimage\",\"url\":\"https:\\\/\\\/www.agriflanders.be\\\/wp-content\\\/uploads\\\/2022\\\/03\\\/YUN_0018-scaled.jpg\",\"contentUrl\":\"https:\\\/\\\/www.agriflanders.be\\\/wp-content\\\/uploads\\\/2022\\\/03\\\/YUN_0018-scaled.jpg\",\"width\":2048,\"height\":1153,\"caption\":\"DCIM135C23HDYUN_0018.\"},{\"@type\":\"BreadcrumbList\",\"@id\":\"https:\\\/\\\/www.agriflanders.be\\\/en\\\/agridagen-gaat-door-van-20-tot-en-met-22-mei-in-ravels\\\/#breadcrumb\",\"itemListElement\":[{\"@type\":\"ListItem\",\"position\":1,\"name\":\"Home\",\"item\":\"https:\\\/\\\/www.agriflanders.be\\\/nl\\\/\"},{\"@type\":\"ListItem\",\"position\":2,\"name\":\"Vierde editie vernieuwde Agridagen gaat door van 20 t.e.m. 22 mei in Ravels!\"}]},{\"@type\":\"WebSite\",\"@id\":\"https:\\\/\\\/www.agriflanders.be\\\/nl\\\/#website\",\"url\":\"https:\\\/\\\/www.agriflanders.be\\\/nl\\\/\",\"name\":\"Agriflanders\",\"description\":\"Vakbeurs voor intensieve veeteelt en mechanisatie op erfniveau\",\"potentialAction\":[{\"@type\":\"SearchAction\",\"target\":{\"@type\":\"EntryPoint\",\"urlTemplate\":\"https:\\\/\\\/www.agriflanders.be\\\/nl\\\/?s={search_term_string}\"},\"query-input\":{\"@type\":\"PropertyValueSpecification\",\"valueRequired\":true,\"valueName\":\"search_term_string\"}}],\"inLanguage\":\"fr-BE\"},{\"@type\":\"Person\",\"@id\":\"https:\\\/\\\/www.agriflanders.be\\\/nl\\\/#\\\/schema\\\/person\\\/9a27429852c66be7525562c443fff722\",\"name\":\"galia\",\"image\":{\"@type\":\"ImageObject\",\"inLanguage\":\"fr-BE\",\"@id\":\"https:\\\/\\\/www.agriflanders.be\\\/wp-content\\\/litespeed\\\/avatar\\\/372ec27fb5cb807281c0594defa3560f.jpg?ver=1777529641\",\"url\":\"https:\\\/\\\/www.agriflanders.be\\\/wp-content\\\/litespeed\\\/avatar\\\/372ec27fb5cb807281c0594defa3560f.jpg?ver=1777529641\",\"contentUrl\":\"https:\\\/\\\/www.agriflanders.be\\\/wp-content\\\/litespeed\\\/avatar\\\/372ec27fb5cb807281c0594defa3560f.jpg?ver=1777529641\",\"caption\":\"galia\"},\"sameAs\":[\"http:\\\/\\\/agriflanders.be\"],\"url\":\"https:\\\/\\\/www.agriflanders.be\\\/fr\\\/author\\\/galia\\\/\"}]}<\/script>\n<!-- \/ Yoast SEO plugin. -->","yoast_head_json":{"title":"Vierde editie vernieuwde Agridagen gaat door van 20 t.e.m. 22 mei in Ravels! - Agriflanders","robots":{"index":"index","follow":"follow","max-snippet":"max-snippet:-1","max-image-preview":"max-image-preview:large","max-video-preview":"max-video-preview:-1"},"canonical":"https:\/\/www.agriflanders.be\/fr\/agridagen-gaat-door-van-20-tot-en-met-22-mei-in-ravels\/","og_locale":"fr_FR","og_type":"article","og_title":"Vierde editie vernieuwde Agridagen gaat door van 20 t.e.m. 22 mei in Ravels! - Agriflanders","og_description":"De coronacrisis maakt het de organisatoren van beurzen en evenementen ook dit jaar niet gemakkelijk. Half januari heeft AgriBevents beslist om de Agridagen niet te laten doorgaan op 4, 5 en 6 maart. Het organisatieteam blijft echter niet bij de pakken zitten en stelt nu in overleg met de standhouders een nieuwe datum voorop. Het &hellip; Continue reading \"Sanac\"","og_url":"https:\/\/www.agriflanders.be\/fr\/agridagen-gaat-door-van-20-tot-en-met-22-mei-in-ravels\/","og_site_name":"Agriflanders","article_published_time":"2022-02-01T12:11:00+00:00","article_modified_time":"2022-04-08T11:53:28+00:00","og_image":[{"width":2048,"height":1153,"url":"https:\/\/www.agriflanders.be\/wp-content\/uploads\/2022\/03\/YUN_0018-scaled.jpg","type":"image\/jpeg"}],"author":"galia","twitter_card":"summary_large_image","twitter_misc":{"\u00c9crit par":"galia","Dur\u00e9e de lecture est.":"3 minutes"},"schema":{"@context":"https:\/\/schema.org","@graph":[{"@type":"Article","@id":"https:\/\/www.agriflanders.be\/en\/agridagen-gaat-door-van-20-tot-en-met-22-mei-in-ravels\/#article","isPartOf":{"@id":"https:\/\/www.agriflanders.be\/en\/agridagen-gaat-door-van-20-tot-en-met-22-mei-in-ravels\/"},"author":{"name":"galia","@id":"https:\/\/www.agriflanders.be\/nl\/#\/schema\/person\/9a27429852c66be7525562c443fff722"},"headline":"Vierde editie vernieuwde Agridagen gaat door van 20 t.e.m. 22 mei in Ravels!","datePublished":"2022-02-01T12:11:00+00:00","dateModified":"2022-04-08T11:53:28+00:00","mainEntityOfPage":{"@id":"https:\/\/www.agriflanders.be\/en\/agridagen-gaat-door-van-20-tot-en-met-22-mei-in-ravels\/"},"wordCount":419,"commentCount":0,"image":{"@id":"https:\/\/www.agriflanders.be\/en\/agridagen-gaat-door-van-20-tot-en-met-22-mei-in-ravels\/#primaryimage"},"thumbnailUrl":"https:\/\/www.agriflanders.be\/wp-content\/uploads\/2022\/03\/YUN_0018-scaled.jpg","articleSection":["Uncategorized"],"inLanguage":"fr-BE","potentialAction":[{"@type":"CommentAction","name":"Comment","target":["https:\/\/www.agriflanders.be\/en\/agridagen-gaat-door-van-20-tot-en-met-22-mei-in-ravels\/#respond"]}]},{"@type":"WebPage","@id":"https:\/\/www.agriflanders.be\/en\/agridagen-gaat-door-van-20-tot-en-met-22-mei-in-ravels\/","url":"https:\/\/www.agriflanders.be\/en\/agridagen-gaat-door-van-20-tot-en-met-22-mei-in-ravels\/","name":"Vierde editie vernieuwde Agridagen gaat door van 20 t.e.m. 22 mei in Ravels! - Agriflanders","isPartOf":{"@id":"https:\/\/www.agriflanders.be\/nl\/#website"},"primaryImageOfPage":{"@id":"https:\/\/www.agriflanders.be\/en\/agridagen-gaat-door-van-20-tot-en-met-22-mei-in-ravels\/#primaryimage"},"image":{"@id":"https:\/\/www.agriflanders.be\/en\/agridagen-gaat-door-van-20-tot-en-met-22-mei-in-ravels\/#primaryimage"},"thumbnailUrl":"https:\/\/www.agriflanders.be\/wp-content\/uploads\/2022\/03\/YUN_0018-scaled.jpg","datePublished":"2022-02-01T12:11:00+00:00","dateModified":"2022-04-08T11:53:28+00:00","author":{"@id":"https:\/\/www.agriflanders.be\/nl\/#\/schema\/person\/9a27429852c66be7525562c443fff722"},"breadcrumb":{"@id":"https:\/\/www.agriflanders.be\/en\/agridagen-gaat-door-van-20-tot-en-met-22-mei-in-ravels\/#breadcrumb"},"inLanguage":"fr-BE","potentialAction":[{"@type":"ReadAction","target":["https:\/\/www.agriflanders.be\/en\/agridagen-gaat-door-van-20-tot-en-met-22-mei-in-ravels\/"]}]},{"@type":"ImageObject","inLanguage":"fr-BE","@id":"https:\/\/www.agriflanders.be\/en\/agridagen-gaat-door-van-20-tot-en-met-22-mei-in-ravels\/#primaryimage","url":"https:\/\/www.agriflanders.be\/wp-content\/uploads\/2022\/03\/YUN_0018-scaled.jpg","contentUrl":"https:\/\/www.agriflanders.be\/wp-content\/uploads\/2022\/03\/YUN_0018-scaled.jpg","width":2048,"height":1153,"caption":"DCIM135C23HDYUN_0018."},{"@type":"BreadcrumbList","@id":"https:\/\/www.agriflanders.be\/en\/agridagen-gaat-door-van-20-tot-en-met-22-mei-in-ravels\/#breadcrumb","itemListElement":[{"@type":"ListItem","position":1,"name":"Home","item":"https:\/\/www.agriflanders.be\/nl\/"},{"@type":"ListItem","position":2,"name":"Vierde editie vernieuwde Agridagen gaat door van 20 t.e.m. 22 mei in Ravels!"}]},{"@type":"WebSite","@id":"https:\/\/www.agriflanders.be\/nl\/#website","url":"https:\/\/www.agriflanders.be\/nl\/","name":"Agriflanders","description":"Salon de l&#039;\u00e9levage intensif et de la m\u00e9canisation \u00e0 la ferme","potentialAction":[{"@type":"SearchAction","target":{"@type":"EntryPoint","urlTemplate":"https:\/\/www.agriflanders.be\/nl\/?s={search_term_string}"},"query-input":{"@type":"PropertyValueSpecification","valueRequired":true,"valueName":"search_term_string"}}],"inLanguage":"fr-BE"},{"@type":"Person","@id":"https:\/\/www.agriflanders.be\/nl\/#\/schema\/person\/9a27429852c66be7525562c443fff722","name":"galia","image":{"@type":"ImageObject","inLanguage":"fr-BE","@id":"https:\/\/www.agriflanders.be\/wp-content\/litespeed\/avatar\/372ec27fb5cb807281c0594defa3560f.jpg?ver=1777529641","url":"https:\/\/www.agriflanders.be\/wp-content\/litespeed\/avatar\/372ec27fb5cb807281c0594defa3560f.jpg?ver=1777529641","contentUrl":"https:\/\/www.agriflanders.be\/wp-content\/litespeed\/avatar\/372ec27fb5cb807281c0594defa3560f.jpg?ver=1777529641","caption":"galia"},"sameAs":["http:\/\/agriflanders.be"],"url":"https:\/\/www.agriflanders.be\/fr\/author\/galia\/"}]}},"_links":{"self":[{"href":"https:\/\/www.agriflanders.be\/fr\/wp-json\/wp\/v2\/posts\/6202","targetHints":{"allow":["GET"]}}],"collection":[{"href":"https:\/\/www.agriflanders.be\/fr\/wp-json\/wp\/v2\/posts"}],"about":[{"href":"https:\/\/www.agriflanders.be\/fr\/wp-json\/wp\/v2\/types\/post"}],"author":[{"embeddable":true,"href":"https:\/\/www.agriflanders.be\/fr\/wp-json\/wp\/v2\/users\/1"}],"replies":[{"embeddable":true,"href":"https:\/\/www.agriflanders.be\/fr\/wp-json\/wp\/v2\/comments?post=6202"}],"version-history":[{"count":1,"href":"https:\/\/www.agriflanders.be\/fr\/wp-json\/wp\/v2\/posts\/6202\/revisions"}],"predecessor-version":[{"id":7419,"href":"https:\/\/www.agriflanders.be\/fr\/wp-json\/wp\/v2\/posts\/6202\/revisions\/7419"}],"wp:featuredmedia":[{"embeddable":true,"href":"https:\/\/www.agriflanders.be\/fr\/wp-json\/wp\/v2\/media\/7026"}],"wp:attachment":[{"href":"https:\/\/www.agriflanders.be\/fr\/wp-json\/wp\/v2\/media?parent=6202"}],"wp:term":[{"taxonomy":"category","embeddable":true,"href":"https:\/\/www.agriflanders.be\/fr\/wp-json\/wp\/v2\/categories?post=6202"},{"taxonomy":"post_tag","embeddable":true,"href":"https:\/\/www.agriflanders.be\/fr\/wp-json\/wp\/v2\/tags?post=6202"}],"curies":[{"name":"wp","href":"https:\/\/api.w.org\/{rel}","templated":true}]}}